{"id":1006,"date":"2022-09-01T11:02:48","date_gmt":"2022-09-01T09:02:48","guid":{"rendered":"https:\/\/jourdainkobycheva.com\/?p=1006"},"modified":"2023-11-03T14:25:40","modified_gmt":"2023-11-03T13:25:40","slug":"phototherapie","status":"publish","type":"post","link":"https:\/\/jourdainkobycheva.com\/es\/phototherapie\/","title":{"rendered":"Fototerapia: reconciliarte con tu imagen"},"content":{"rendered":"\n\n\n[et_pb_section fb_built=\u00a0\u00bb1&Prime; admin_label=\u00a0\u00bbHeader\u00a0\u00bb _builder_version=\u00a0\u00bb4.17.3&Prime; _module_preset=\u00a0\u00bbdefault\u00a0\u00bb background_color=\u00a0\u00bb#F6F5EE\u00a0\u00bb collapsed=\u00a0\u00bbon\u00a0\u00bb global_colors_info=\u00a0\u00bb{}\u00a0\u00bb][et_pb_row _builder_version=\u00a0\u00bb4.17.3&Prime; _module_preset=\u00a0\u00bbdefault\u00a0\u00bb global_colors_info=\u00a0\u00bb{}\u00a0\u00bb][et_pb_column type=\u00a0\u00bb4_4&Prime; _builder_version=\u00a0\u00bb4.17.3&Prime; _module_preset=\u00a0\u00bbdefault\u00a0\u00bb global_colors_info=\u00a0\u00bb{}\u00a0\u00bb][et_pb_text _builder_version=\u00a0\u00bb4.18.0&Prime; _module_preset=\u00a0\u00bbe6504a1b-67eb-4b3d-b023-bcab277610b6&Prime; header_4_font=\u00a0\u00bbInter|700||on|||||\u00a0\u00bb header_4_text_color=\u00a0\u00bb#FF5A17&Prime; header_4_font_size=\u00a0\u00bb14px\u00a0\u00bb header_4_letter_spacing=\u00a0\u00bb1px\u00a0\u00bb header_4_line_height=\u00a0\u00bb1.4em\u00a0\u00bb custom_margin=\u00a0\u00bb||0px||false|false\u00a0\u00bb global_colors_info=\u00a0\u00bb{}\u00a0\u00bb]<h4>ACTUALIT\u00e9<\/h4>[\/et_pb_text][et_pb_post_title meta=\u00a0\u00bboff\u00a0\u00bb featured_image=\u00a0\u00bboff\u00a0\u00bb _builder_version=\u00a0\u00bb4.18.0&Prime; _module_preset=\u00a0\u00bbdefault\u00a0\u00bb title_font=\u00a0\u00bbInter|600|||||||\u00a0\u00bb title_font_size=\u00a0\u00bb48px\u00a0\u00bb width=\u00a0\u00bb100%\u00a0\u00bb global_colors_info=\u00a0\u00bb{}\u00a0\u00bb][\/et_pb_post_title][\/et_pb_column][\/et_pb_row][et_pb_row _builder_version=\u00a0\u00bb4.17.3&Prime; _module_preset=\u00a0\u00bbdefault\u00a0\u00bb global_colors_info=\u00a0\u00bb{}\u00a0\u00bb][et_pb_column type=\u00a0\u00bb4_4&Prime; _builder_version=\u00a0\u00bb4.17.3&Prime; _module_preset=\u00a0\u00bbdefault\u00a0\u00bb global_colors_info=\u00a0\u00bb{}\u00a0\u00bb][et_pb_image src=\u00a0\u00bbhttps:\/\/jourdainkobycheva.com\/wp-content\/uploads\/2022\/11\/pexels-harrison-haines-3800848-e1667555233447.jpg\u00a0\u00bb alt=\u00a0\u00bbphototh\u00e9rapie\u00a0\u00bb title_text=\u00a0\u00bbpexels-harrison-haines-3800848&Prime; _builder_version=\u00a0\u00bb4.19.0&Prime; _module_preset=\u00a0\u00bbdefault\u00a0\u00bb global_colors_info=\u00a0\u00bb{}\u00a0\u00bb][\/et_pb_image][et_pb_text _builder_version=\u00a0\u00bb4.19.0&Prime; _module_preset=\u00a0\u00bb1f09816e-184e-4ce5-a4cf-b39c52c423ca\u00a0\u00bb text_font=\u00a0\u00bbOpen Sans||||||||\u00a0\u00bb text_text_color=\u00a0\u00bb#000000&Prime; text_line_height=\u00a0\u00bb1.8em\u00a0\u00bb text_font_size_tablet=\u00a0\u00bb15px\u00a0\u00bb text_font_size_phone=\u00a0\u00bb14px\u00a0\u00bb text_font_size_last_edited=\u00a0\u00bbon|phone\u00a0\u00bb header_font_size_tablet=\u00a0\u00bb55px\u00a0\u00bb header_font_size_last_edited=\u00a0\u00bboff|desktop\u00a0\u00bb global_colors_info=\u00a0\u00bb{}\u00a0\u00bb]<div id=\"Content\">\n<div id=\"bannerL\">\n<div id=\"div-gpt-ad-1474537762122-2\" data-google-query-id=\"CJi72NH72voCFbMUBgAdUNACPw\">\n<h2 id=\"google_ads_iframe_\/15188745,22440292294\/Lipsum-Unit3_0__container__\"><strong>Qui n\u2019a jamais fait l\u2019exp\u00e9rience de suprendre son propre reflet dans un miroir, de ne pas se reconnaitre d\u00e9\u00e7u de son imperfection\u00a0? <\/strong><\/h2>\n<div>\n<p><span style=\"font-weight: 400;\">Combien d\u2019entre nous n\u2019y percevra pas l\u2019image esp\u00e9r\u00e9e, ce que nous croyons qu\u2019elle devrait \u00eatre, avec le risque de s\u2019en sentir affect\u00e9, voire de se d\u00e9valoriser et de perdre confiance en soi, au lieu de remettre en question ce mod\u00e8le id\u00e9alis\u00e9 impos\u00e9 par la soci\u00e9t\u00e9\u00a0? Comme on s\u2019en doute, cette image \u00e0 laquelle il faudrait se conformer \u00e9voque la\u00a0jeunesse, la r\u00e9ussite, la force, le dynamisme, l&rsquo;\u00e9panouissement, le bonheur ou encore la sexualit\u00e9. Avec cette image illusoire d\u00e9file un cort\u00e8ge d\u2019attentes souvent bien difficiles \u00e0 assumer et \u00e0 r\u00e9aliser. Beaucoup de personnes n&rsquo;ont pas envie, ou trouvent ce poids trop lourd \u00e0 porter, avec \u00e0 leur insu l\u2019option d\u2019en prendre ou d\u2019en perdre dans la r\u00e9alit\u00e9 mat\u00e9rielle. Que de ressentis et d\u2019\u00e9mois v\u00e9hicul\u00e9s par une perception fugace paraissent ainsi susceptibles de g\u00e9n\u00e9rer un trouble personnel ou un plus profond inconfort.\u00a0<\/span><\/p>\n<h2><b>Chaque corps a sa propre histoire !<\/b><\/h2>\n<p><span style=\"font-weight: 400;\"><a href=\"https:\/\/jourdainkobycheva.com\/qui-suis-je\/\">Artiste-photographe,<\/a> je travaille depuis des ann\u00e9es avec le corps, le nu et le mouvement<\/span><span style=\"font-weight: 400;\">. Pour moi le corps fait sens, je me suis particuli\u00e8rement int\u00e9ress\u00e9e au travail du nu en le traitant en plans rapproch\u00e9s pour r\u00e9aliser l\u2019improbable synth\u00e8se de la <\/span><a href=\"https:\/\/books.google.fr\/books\/about\/Po%C3%A9tique_du_corps.html?id=KD0cAQAAIAAJ&amp;redir_esc=y\" target=\"_blank\" rel=\"noopener\"><i><span style=\"font-weight: 400;\">po\u00e9tique du<\/span><\/i> <i><span style=\"font-weight: 400;\">corps<\/span><\/i><\/a><span style=\"font-weight: 400;\">. Mon dernier travail est consacr\u00e9 au devenir du corps au fil des ann\u00e9es. Si le prisme de la performance physique organise la vision occidentale du corps, la saisie des affectations du temps qui passe n\u2019offre-t-elle pas l\u2019opportunit\u00e9 d\u2019un autre point de vue\u00a0? Ce qui me questionne aujourd&rsquo;hui dans ce changement de perspective, c\u2019est la possibilit\u00e9 de s&rsquo;orienter avec le temps vers des \u00e9tats de corps parlants<\/span><i><span style=\"font-weight: 400;\">,<\/span><\/i> <span style=\"font-weight: 400;\">des visions de corps heureux, peu importe l&rsquo;\u00e2ge.<\/span><\/p>\n<p><span style=\"font-weight: 400;\">Mon regard se porte sur le corps travers\u00e9 par ce qu\u2019il est et ce qu\u2019il dit, sa repr\u00e9sentation constitue non seulement un objet, mais un outil de pens\u00e9e sur le monde. Sans anticiper sur la forme, je souhaite m\u2019arr\u00eater sur ce que produit le corps et non sur ce qu\u2019il risque de dupliquer et de reproduire. La photographie- photot\u00e9rapie permet ici de prendre du recul sur sa propre image et d\u2019avoir un regard sur soi plus indulgent et plus neutre.\u00a0<\/span><\/p>\n<p><span style=\"font-weight: 400;\">Si je m\u2019int\u00e9resse autant \u00e0 l\u2019image du corps, c\u2019est que chaque corps a sa propre histoire. Vous avez un corps, vous n&rsquo;avez peut-\u00eatre pas le corps que vous souhaitez mais vous en avez besoin. Vous avez aussi un corps dont on dit qu\u2019il a un langage, dont l\u2019image ne cesse de parler et ce bien (trop) souvent \u00e0 votre insu. La photographie \/ photot\u00e9rapie permet de se confronter \u00e0 la saisie de sa propre image et donc, d\u2019une certaine mani\u00e8re de se faire face. Sans la vis\u00e9e esth\u00e9tisante qui n\u2019est pas de mise ici, la photographie \/ phototh\u00e9rapie\u00a0 est un outil puissant qui garantit l\u2019authenticit\u00e9 dans le processus d\u2019affectation de la r\u00e9alit\u00e9 de soi au travers des images.<\/span><\/p>\n<h2><b>Se voir sous un autre angle &#8230;<\/b><\/h2>\n<p><span style=\"font-weight: 400;\">L\u2019accompagnement par la photot\u00e9rapie que je propose est une approche personnelle qui vise d\u2019abord et avant tout une aide au d\u00e9veloppement personnel et \u00e0 l\u2019estime de soi. La perspective est de se r\u00e9concilier avec son image, de se reconnecter \u00e0 son corps, et de s\u2019accepter tel que l\u2019on est \u00e0 travers le support de la photographie. C\u2019est un travail \u00e9motionnel qui permet de se mettre \u00e0 nu sans devoir s\u2019expliquer verbalement et passer par les r\u00e9sistances du mental.\u00a0<\/span><\/p>\n<p><span style=\"font-weight: 400;\">Je vous photographie tel\/le que vous \u00eates, sans artifice aucun mais avec douceur et bienveillance. En toute confidentialit\u00e9, dans le respect et le non jugement, vous allez prendre conscience des int\u00e9r\u00eats sous-jacents \u00e0 \u00eatre dans ce corps, \u00e0 le vivre dans cet \u00e9tat \u00e9motionnel, avec ce poids ou ce non-amour de vous.\u00a0<\/span><\/p>\n<h2><b>Se d\u00e9couvrir avec la phototh\u00e9rapie&#8230;<\/b><\/h2>\n<p><span style=\"font-weight: 400;\">A l\u2019aide de visualisations \u00e9motionnelles, avec le travail du corps devant le miroir et les prises de vue successives, vous allez pouvoir laisser progressivement les \u00e9motions \u00e9merger, s&rsquo;exprimer, vous raconter, se lib\u00e9rer&#8230; C\u2019est un travail \u00e9motionnel qui permet de se mettre petit \u00e0 petit un peu plus \u00e0 nu, sans avoir n\u00e9cessairement \u00e0 s\u2019en expliquer et sans devoir s\u2019en justifier. Ce travail vous permettra d&rsquo;accepter et d&rsquo;accueillir la personne que vous \u00eates r\u00e9ellement, de vous regarder autrement et de vous r\u00e9approprier votre corps et votre histoire.\u00a0<\/span><\/p>\n<h2><b>Et se vivre autrement<\/b><\/h2>\n<p><span style=\"font-weight: 400;\">Avec cette prise de conscience progressive o\u00f9 je suis \u00e0 vos c\u00f4t\u00e9s en continu, l\u2019objectif est d\u2019acc\u00e9der au terme des s\u00e9ances \u00e0 une plus large compr\u00e9hension de soi et une meilleure acceptation personnelle afin de renouer avec cette joie d&rsquo;\u00eatre vous-m\u00eame qui avait pu \u00eatre perdue de vue.<\/span><\/p>\n<p><span style=\"font-weight: 400;\">La d\u00e9marche d\u2019accompagnement photographique que je propose repose sur\u00a0 l\u2019approche artistique pour rechercher le mieux-\u00eatre. Elle est mise en \u0153uvre \u00e0 partir de<\/span> <span style=\"font-weight: 400;\">la conviction intime et v\u00e9cue des bienfaits th\u00e9rapeutiques d\u2019une pratique artistique mais elle s\u2019appuie aussi sur l\u2019exp\u00e9rience d\u2019un travail personnel. L\u2019accompagnement phototh\u00e9rapie est toujours personnalis\u00e9, il se d\u00e9roule dans le cadre confidentiel d\u2019un studio de prise de vue professionnel, en une ou plusieurs s\u00e9ances convenues apr\u00e8s un premier contact.\u00a0<\/span><\/p>\n<\/div>\n<\/div>\n<\/div>\n<\/div>[\/et_pb_text][\/et_pb_column][\/et_pb_row][\/et_pb_section]\n\n\n","protected":false},"excerpt":{"rendered":"<p>ACTUALIT\u00e9 Qui n\u2019a jamais fait l\u2019exp\u00e9rience de suprendre son propre reflet dans un miroir, de ne pas se reconnaitre d\u00e9\u00e7u de son imperfection\u00a0? Combien d\u2019entre nous n\u2019y percevra pas l\u2019image esp\u00e9r\u00e9e, ce que nous croyons qu\u2019elle devrait \u00eatre, avec le risque de s\u2019en sentir affect\u00e9, voire de se d\u00e9valoriser et de perdre confiance en soi, [&hellip;]<\/p>\n","protected":false},"author":2,"featured_media":1008,"comment_status":"open","ping_status":"open","sticky":false,"template":"","format":"standard","meta":{"_et_pb_use_builder":"on","_et_pb_old_content":"","_et_gb_content_width":"1080","_jetpack_memberships_contains_paid_content":false,"footnotes":""},"categories":[43],"tags":[],"class_list":["post-1006","post","type-post","status-publish","format-standard","has-post-thumbnail","hentry","category-actu"],"yoast_head":"<!-- This site is optimized with the Yoast SEO plugin v27.5 - https:\/\/yoast.com\/product\/yoast-seo-wordpress\/ -->\n<title>La phototh\u00e9rapie : se r\u00e9concilier avec son image<\/title>\n<meta name=\"description\" content=\"L\u2019accompagnement phototh\u00e9rapie que je propose est une approche personnelle qui vise d\u2019abord et avant tout une aide au d\u00e9veloppement personnel\" \/>\n<meta name=\"robots\" content=\"index, follow, max-snippet:-1, max-image-preview:large, max-video-preview:-1\" \/>\n<link rel=\"canonical\" href=\"https:\/\/jourdainkobycheva.com\/es\/phototherapie\/\" \/>\n<meta property=\"og:locale\" content=\"es_ES\" \/>\n<meta property=\"og:type\" content=\"article\" \/>\n<meta property=\"og:title\" content=\"La phototh\u00e9rapie : se r\u00e9concilier avec son image\" \/>\n<meta property=\"og:description\" content=\"L\u2019accompagnement phototh\u00e9rapie que je propose est une approche personnelle qui vise d\u2019abord et avant tout une aide au d\u00e9veloppement personnel\" \/>\n<meta property=\"og:url\" content=\"https:\/\/jourdainkobycheva.com\/es\/phototherapie\/\" \/>\n<meta property=\"og:site_name\" content=\"Polina Jourdain Kobycheva - Photographe\" \/>\n<meta property=\"article:published_time\" content=\"2022-09-01T09:02:48+00:00\" \/>\n<meta property=\"article:modified_time\" content=\"2023-11-03T13:25:40+00:00\" \/>\n<meta property=\"og:image\" content=\"https:\/\/jourdainkobycheva.com\/wp-content\/uploads\/2022\/11\/pexels-harrison-haines-3800848-e1667555233447.jpg\" \/>\n\t<meta property=\"og:image:width\" content=\"853\" \/>\n\t<meta property=\"og:image:height\" content=\"853\" \/>\n\t<meta property=\"og:image:type\" content=\"image\/jpeg\" \/>\n<meta name=\"author\" content=\"Polina Jourdain-Kobycheva\" \/>\n<meta name=\"twitter:card\" content=\"summary_large_image\" \/>\n<meta name=\"twitter:label1\" content=\"Escrito por\" \/>\n\t<meta name=\"twitter:data1\" content=\"Polina Jourdain-Kobycheva\" \/>\n\t<meta name=\"twitter:label2\" content=\"Tiempo de lectura\" \/>\n\t<meta name=\"twitter:data2\" content=\"5 minutos\" \/>\n<script type=\"application\/ld+json\" class=\"yoast-schema-graph\">{\"@context\":\"https:\\\/\\\/schema.org\",\"@graph\":[{\"@type\":\"Article\",\"@id\":\"https:\\\/\\\/jourdainkobycheva.com\\\/en\\\/phototherapie\\\/#article\",\"isPartOf\":{\"@id\":\"https:\\\/\\\/jourdainkobycheva.com\\\/en\\\/phototherapie\\\/\"},\"author\":{\"name\":\"Polina Jourdain-Kobycheva\",\"@id\":\"http:\\\/\\\/jourdainkobycheva.com\\\/en\\\/#\\\/schema\\\/person\\\/06b5d039b2bc362b2f68b6a1b6e9097f\"},\"headline\":\"La phototh\u00e9rapie : se r\u00e9concilier avec son image\",\"datePublished\":\"2022-09-01T09:02:48+00:00\",\"dateModified\":\"2023-11-03T13:25:40+00:00\",\"mainEntityOfPage\":{\"@id\":\"https:\\\/\\\/jourdainkobycheva.com\\\/en\\\/phototherapie\\\/\"},\"wordCount\":1204,\"commentCount\":0,\"publisher\":{\"@id\":\"http:\\\/\\\/jourdainkobycheva.com\\\/en\\\/#organization\"},\"image\":{\"@id\":\"https:\\\/\\\/jourdainkobycheva.com\\\/en\\\/phototherapie\\\/#primaryimage\"},\"thumbnailUrl\":\"https:\\\/\\\/jourdainkobycheva.com\\\/wp-content\\\/uploads\\\/2022\\\/11\\\/pexels-harrison-haines-3800848-e1667555233447.jpg\",\"articleSection\":[\"Actu\"],\"inLanguage\":\"es\"},{\"@type\":\"WebPage\",\"@id\":\"https:\\\/\\\/jourdainkobycheva.com\\\/en\\\/phototherapie\\\/\",\"url\":\"https:\\\/\\\/jourdainkobycheva.com\\\/en\\\/phototherapie\\\/\",\"name\":\"La phototh\u00e9rapie : se r\u00e9concilier avec son image\",\"isPartOf\":{\"@id\":\"http:\\\/\\\/jourdainkobycheva.com\\\/en\\\/#website\"},\"primaryImageOfPage\":{\"@id\":\"https:\\\/\\\/jourdainkobycheva.com\\\/en\\\/phototherapie\\\/#primaryimage\"},\"image\":{\"@id\":\"https:\\\/\\\/jourdainkobycheva.com\\\/en\\\/phototherapie\\\/#primaryimage\"},\"thumbnailUrl\":\"https:\\\/\\\/jourdainkobycheva.com\\\/wp-content\\\/uploads\\\/2022\\\/11\\\/pexels-harrison-haines-3800848-e1667555233447.jpg\",\"datePublished\":\"2022-09-01T09:02:48+00:00\",\"dateModified\":\"2023-11-03T13:25:40+00:00\",\"description\":\"L\u2019accompagnement phototh\u00e9rapie que je propose est une approche personnelle qui vise d\u2019abord et avant tout une aide au d\u00e9veloppement personnel\",\"breadcrumb\":{\"@id\":\"https:\\\/\\\/jourdainkobycheva.com\\\/en\\\/phototherapie\\\/#breadcrumb\"},\"inLanguage\":\"es\",\"potentialAction\":[{\"@type\":\"ReadAction\",\"target\":[\"https:\\\/\\\/jourdainkobycheva.com\\\/en\\\/phototherapie\\\/\"]}]},{\"@type\":\"ImageObject\",\"inLanguage\":\"es\",\"@id\":\"https:\\\/\\\/jourdainkobycheva.com\\\/en\\\/phototherapie\\\/#primaryimage\",\"url\":\"https:\\\/\\\/jourdainkobycheva.com\\\/wp-content\\\/uploads\\\/2022\\\/11\\\/pexels-harrison-haines-3800848-e1667555233447.jpg\",\"contentUrl\":\"https:\\\/\\\/jourdainkobycheva.com\\\/wp-content\\\/uploads\\\/2022\\\/11\\\/pexels-harrison-haines-3800848-e1667555233447.jpg\",\"width\":853,\"height\":853,\"caption\":\"phototh\u00e9rapie\"},{\"@type\":\"BreadcrumbList\",\"@id\":\"https:\\\/\\\/jourdainkobycheva.com\\\/en\\\/phototherapie\\\/#breadcrumb\",\"itemListElement\":[{\"@type\":\"ListItem\",\"position\":1,\"name\":\"Accueil\",\"item\":\"http:\\\/\\\/jourdainkobycheva.com\\\/en\\\/\"},{\"@type\":\"ListItem\",\"position\":2,\"name\":\"La phototh\u00e9rapie : se r\u00e9concilier avec son image\"}]},{\"@type\":\"WebSite\",\"@id\":\"http:\\\/\\\/jourdainkobycheva.com\\\/en\\\/#website\",\"url\":\"http:\\\/\\\/jourdainkobycheva.com\\\/en\\\/\",\"name\":\"Polina Jourdain Kobycheva - Photographe\",\"description\":\"Photos pelote basque - Danse - Pays basque\",\"publisher\":{\"@id\":\"http:\\\/\\\/jourdainkobycheva.com\\\/en\\\/#organization\"},\"potentialAction\":[{\"@type\":\"SearchAction\",\"target\":{\"@type\":\"EntryPoint\",\"urlTemplate\":\"http:\\\/\\\/jourdainkobycheva.com\\\/en\\\/?s={search_term_string}\"},\"query-input\":{\"@type\":\"PropertyValueSpecification\",\"valueRequired\":true,\"valueName\":\"search_term_string\"}}],\"inLanguage\":\"es\"},{\"@type\":\"Organization\",\"@id\":\"http:\\\/\\\/jourdainkobycheva.com\\\/en\\\/#organization\",\"name\":\"Polina Jourdain Kobycheva - Photographe\",\"url\":\"http:\\\/\\\/jourdainkobycheva.com\\\/en\\\/\",\"logo\":{\"@type\":\"ImageObject\",\"inLanguage\":\"es\",\"@id\":\"http:\\\/\\\/jourdainkobycheva.com\\\/en\\\/#\\\/schema\\\/logo\\\/image\\\/\",\"url\":\"https:\\\/\\\/jourdainkobycheva.com\\\/wp-content\\\/uploads\\\/2022\\\/10\\\/cropped-logo-polina-1-e1665473695267.png\",\"contentUrl\":\"https:\\\/\\\/jourdainkobycheva.com\\\/wp-content\\\/uploads\\\/2022\\\/10\\\/cropped-logo-polina-1-e1665473695267.png\",\"width\":363,\"height\":363,\"caption\":\"Polina Jourdain Kobycheva - Photographe\"},\"image\":{\"@id\":\"http:\\\/\\\/jourdainkobycheva.com\\\/en\\\/#\\\/schema\\\/logo\\\/image\\\/\"}},{\"@type\":\"Person\",\"@id\":\"http:\\\/\\\/jourdainkobycheva.com\\\/en\\\/#\\\/schema\\\/person\\\/06b5d039b2bc362b2f68b6a1b6e9097f\",\"name\":\"Polina Jourdain-Kobycheva\",\"image\":{\"@type\":\"ImageObject\",\"inLanguage\":\"es\",\"@id\":\"https:\\\/\\\/secure.gravatar.com\\\/avatar\\\/a5467dbfdf18dded61b33ae36f105fb3482a127d74ab4bd26201153cd09c5a6e?s=96&d=mm&r=g\",\"url\":\"https:\\\/\\\/secure.gravatar.com\\\/avatar\\\/a5467dbfdf18dded61b33ae36f105fb3482a127d74ab4bd26201153cd09c5a6e?s=96&d=mm&r=g\",\"contentUrl\":\"https:\\\/\\\/secure.gravatar.com\\\/avatar\\\/a5467dbfdf18dded61b33ae36f105fb3482a127d74ab4bd26201153cd09c5a6e?s=96&d=mm&r=g\",\"caption\":\"Polina Jourdain-Kobycheva\"},\"url\":\"https:\\\/\\\/jourdainkobycheva.com\\\/es\\\/author\\\/polina\\\/\"}]}<\/script>\n<!-- \/ Yoast SEO plugin. -->","yoast_head_json":{"title":"Fototerapia: reconciliarte con tu imagen","description":"L\u2019accompagnement phototh\u00e9rapie que je propose est une approche personnelle qui vise d\u2019abord et avant tout une aide au d\u00e9veloppement personnel","robots":{"index":"index","follow":"follow","max-snippet":"max-snippet:-1","max-image-preview":"max-image-preview:large","max-video-preview":"max-video-preview:-1"},"canonical":"https:\/\/jourdainkobycheva.com\/es\/phototherapie\/","og_locale":"es_ES","og_type":"article","og_title":"La phototh\u00e9rapie : se r\u00e9concilier avec son image","og_description":"L\u2019accompagnement phototh\u00e9rapie que je propose est une approche personnelle qui vise d\u2019abord et avant tout une aide au d\u00e9veloppement personnel","og_url":"https:\/\/jourdainkobycheva.com\/es\/phototherapie\/","og_site_name":"Polina Jourdain Kobycheva - Photographe","article_published_time":"2022-09-01T09:02:48+00:00","article_modified_time":"2023-11-03T13:25:40+00:00","og_image":[{"width":853,"height":853,"url":"https:\/\/jourdainkobycheva.com\/wp-content\/uploads\/2022\/11\/pexels-harrison-haines-3800848-e1667555233447.jpg","type":"image\/jpeg"}],"author":"Polina Jourdain-Kobycheva","twitter_card":"summary_large_image","twitter_misc":{"Escrito por":"Polina Jourdain-Kobycheva","Tiempo de lectura":"5 minutos"},"schema":{"@context":"https:\/\/schema.org","@graph":[{"@type":"Article","@id":"https:\/\/jourdainkobycheva.com\/en\/phototherapie\/#article","isPartOf":{"@id":"https:\/\/jourdainkobycheva.com\/en\/phototherapie\/"},"author":{"name":"Polina Jourdain-Kobycheva","@id":"http:\/\/jourdainkobycheva.com\/en\/#\/schema\/person\/06b5d039b2bc362b2f68b6a1b6e9097f"},"headline":"La phototh\u00e9rapie : se r\u00e9concilier avec son image","datePublished":"2022-09-01T09:02:48+00:00","dateModified":"2023-11-03T13:25:40+00:00","mainEntityOfPage":{"@id":"https:\/\/jourdainkobycheva.com\/en\/phototherapie\/"},"wordCount":1204,"commentCount":0,"publisher":{"@id":"http:\/\/jourdainkobycheva.com\/en\/#organization"},"image":{"@id":"https:\/\/jourdainkobycheva.com\/en\/phototherapie\/#primaryimage"},"thumbnailUrl":"https:\/\/jourdainkobycheva.com\/wp-content\/uploads\/2022\/11\/pexels-harrison-haines-3800848-e1667555233447.jpg","articleSection":["Actu"],"inLanguage":"es"},{"@type":"WebPage","@id":"https:\/\/jourdainkobycheva.com\/en\/phototherapie\/","url":"https:\/\/jourdainkobycheva.com\/en\/phototherapie\/","name":"Fototerapia: reconciliarte con tu imagen","isPartOf":{"@id":"http:\/\/jourdainkobycheva.com\/en\/#website"},"primaryImageOfPage":{"@id":"https:\/\/jourdainkobycheva.com\/en\/phototherapie\/#primaryimage"},"image":{"@id":"https:\/\/jourdainkobycheva.com\/en\/phototherapie\/#primaryimage"},"thumbnailUrl":"https:\/\/jourdainkobycheva.com\/wp-content\/uploads\/2022\/11\/pexels-harrison-haines-3800848-e1667555233447.jpg","datePublished":"2022-09-01T09:02:48+00:00","dateModified":"2023-11-03T13:25:40+00:00","description":"L\u2019accompagnement phototh\u00e9rapie que je propose est une approche personnelle qui vise d\u2019abord et avant tout une aide au d\u00e9veloppement personnel","breadcrumb":{"@id":"https:\/\/jourdainkobycheva.com\/en\/phototherapie\/#breadcrumb"},"inLanguage":"es","potentialAction":[{"@type":"ReadAction","target":["https:\/\/jourdainkobycheva.com\/en\/phototherapie\/"]}]},{"@type":"ImageObject","inLanguage":"es","@id":"https:\/\/jourdainkobycheva.com\/en\/phototherapie\/#primaryimage","url":"https:\/\/jourdainkobycheva.com\/wp-content\/uploads\/2022\/11\/pexels-harrison-haines-3800848-e1667555233447.jpg","contentUrl":"https:\/\/jourdainkobycheva.com\/wp-content\/uploads\/2022\/11\/pexels-harrison-haines-3800848-e1667555233447.jpg","width":853,"height":853,"caption":"phototh\u00e9rapie"},{"@type":"BreadcrumbList","@id":"https:\/\/jourdainkobycheva.com\/en\/phototherapie\/#breadcrumb","itemListElement":[{"@type":"ListItem","position":1,"name":"Accueil","item":"http:\/\/jourdainkobycheva.com\/en\/"},{"@type":"ListItem","position":2,"name":"La phototh\u00e9rapie : se r\u00e9concilier avec son image"}]},{"@type":"WebSite","@id":"http:\/\/jourdainkobycheva.com\/en\/#website","url":"http:\/\/jourdainkobycheva.com\/en\/","name":"Polina Jourdain Kobycheva - Photographe","description":"Photos pelote basque - Danse - Pays basque","publisher":{"@id":"http:\/\/jourdainkobycheva.com\/en\/#organization"},"potentialAction":[{"@type":"SearchAction","target":{"@type":"EntryPoint","urlTemplate":"http:\/\/jourdainkobycheva.com\/en\/?s={search_term_string}"},"query-input":{"@type":"PropertyValueSpecification","valueRequired":true,"valueName":"search_term_string"}}],"inLanguage":"es"},{"@type":"Organization","@id":"http:\/\/jourdainkobycheva.com\/en\/#organization","name":"Polina Jourdain Kobycheva - Photographe","url":"http:\/\/jourdainkobycheva.com\/en\/","logo":{"@type":"ImageObject","inLanguage":"es","@id":"http:\/\/jourdainkobycheva.com\/en\/#\/schema\/logo\/image\/","url":"https:\/\/jourdainkobycheva.com\/wp-content\/uploads\/2022\/10\/cropped-logo-polina-1-e1665473695267.png","contentUrl":"https:\/\/jourdainkobycheva.com\/wp-content\/uploads\/2022\/10\/cropped-logo-polina-1-e1665473695267.png","width":363,"height":363,"caption":"Polina Jourdain Kobycheva - Photographe"},"image":{"@id":"http:\/\/jourdainkobycheva.com\/en\/#\/schema\/logo\/image\/"}},{"@type":"Person","@id":"http:\/\/jourdainkobycheva.com\/en\/#\/schema\/person\/06b5d039b2bc362b2f68b6a1b6e9097f","name":"Polina Jourdain-Kobycheva","image":{"@type":"ImageObject","inLanguage":"es","@id":"https:\/\/secure.gravatar.com\/avatar\/a5467dbfdf18dded61b33ae36f105fb3482a127d74ab4bd26201153cd09c5a6e?s=96&d=mm&r=g","url":"https:\/\/secure.gravatar.com\/avatar\/a5467dbfdf18dded61b33ae36f105fb3482a127d74ab4bd26201153cd09c5a6e?s=96&d=mm&r=g","contentUrl":"https:\/\/secure.gravatar.com\/avatar\/a5467dbfdf18dded61b33ae36f105fb3482a127d74ab4bd26201153cd09c5a6e?s=96&d=mm&r=g","caption":"Polina Jourdain-Kobycheva"},"url":"https:\/\/jourdainkobycheva.com\/es\/author\/polina\/"}]}},"jetpack_featured_media_url":"https:\/\/jourdainkobycheva.com\/wp-content\/uploads\/2022\/11\/pexels-harrison-haines-3800848-e1667555233447.jpg","jetpack_sharing_enabled":true,"_links":{"self":[{"href":"https:\/\/jourdainkobycheva.com\/es\/wp-json\/wp\/v2\/posts\/1006","targetHints":{"allow":["GET"]}}],"collection":[{"href":"https:\/\/jourdainkobycheva.com\/es\/wp-json\/wp\/v2\/posts"}],"about":[{"href":"https:\/\/jourdainkobycheva.com\/es\/wp-json\/wp\/v2\/types\/post"}],"author":[{"embeddable":true,"href":"https:\/\/jourdainkobycheva.com\/es\/wp-json\/wp\/v2\/users\/2"}],"replies":[{"embeddable":true,"href":"https:\/\/jourdainkobycheva.com\/es\/wp-json\/wp\/v2\/comments?post=1006"}],"version-history":[{"count":5,"href":"https:\/\/jourdainkobycheva.com\/es\/wp-json\/wp\/v2\/posts\/1006\/revisions"}],"predecessor-version":[{"id":1086,"href":"https:\/\/jourdainkobycheva.com\/es\/wp-json\/wp\/v2\/posts\/1006\/revisions\/1086"}],"wp:featuredmedia":[{"embeddable":true,"href":"https:\/\/jourdainkobycheva.com\/es\/wp-json\/wp\/v2\/media\/1008"}],"wp:attachment":[{"href":"https:\/\/jourdainkobycheva.com\/es\/wp-json\/wp\/v2\/media?parent=1006"}],"wp:term":[{"taxonomy":"category","embeddable":true,"href":"https:\/\/jourdainkobycheva.com\/es\/wp-json\/wp\/v2\/categories?post=1006"},{"taxonomy":"post_tag","embeddable":true,"href":"https:\/\/jourdainkobycheva.com\/es\/wp-json\/wp\/v2\/tags?post=1006"}],"curies":[{"name":"wp","href":"https:\/\/api.w.org\/{rel}","templated":true}]}}